{"id":32838,"date":"2021-05-08T16:26:15","date_gmt":"2021-05-08T16:26:15","guid":{"rendered":"http:\/\/www.tchh.org\/?p=32838"},"modified":"2021-06-21T15:02:15","modified_gmt":"2021-06-21T15:02:15","slug":"hearing-and-communication-team-trip-to-haiti","status":"publish","type":"post","link":"https:\/\/www.tchh.org\/fr\/hearing-and-communication-team-trip-to-haiti\/","title":{"rendered":"Voyage de l'\u00e9quipe charg\u00e9e des questions d'audition et de communication en Ha\u00efti"},"content":{"rendered":"<p><span style=\"font-weight: 400;\">Les membres de notre \u00e9quipe n'attendent que le feu vert pour retourner en Ha\u00efti et finaliser les pr\u00e9paratifs d'ouverture de la clinique de la Fondation ORLO. Nous allons d\u00e9m\u00e9nager notre cabine audiom\u00e9trique et installer l'\u00e9quipement n\u00e9cessaire au fonctionnement des services d'audiom\u00e9trie et d'appareils auditifs.<\/span><\/p>\n<p><span style=\"font-weight: 400;\">La formation se poursuivra avec les \u00e9tudiants d\u00e9j\u00e0 sur place et sera lanc\u00e9e avec de nouveaux candidats.<\/span><\/p>\n<p><span style=\"font-weight: 400;\">A la demande de la fondation ORLO, nous avons l'intention de proposer une formation sur les troubles de la voix aux membres de leur personnel lors de futures missions.<\/span><\/p>\n<p><span style=\"font-weight: 400;\">Enfin, avec l'aide d'\u00e9tudiants en master d'orthophonie et d'audiologie, nous poursuivrons nos efforts en mati\u00e8re d'\u00e9ducation et de sensibilisation du public, par le biais de spots radio et d'interviews. Nous ferons \u00e9galement des pr\u00e9sentations au personnel m\u00e9dical sur demande.<\/span><\/p>","protected":false},"excerpt":{"rendered":"<p>Les membres de notre \u00e9quipe n'attendent que le feu vert pour retourner en Ha\u00efti et finaliser les pr\u00e9paratifs d'ouverture de la clinique de la Fondation ORLO. Nous d\u00e9m\u00e9nagerons notre cabine audiom\u00e9trique et installerons l'\u00e9quipement n\u00e9cessaire au fonctionnement des services d'audiom\u00e9trie et d'appareils auditifs. La formation se poursuivra avec les \u00e9tudiants d\u00e9j\u00e0 sur...<\/p>","protected":false},"author":5,"featured_media":32841,"comment_status":"closed","ping_status":"closed","sticky":false,"template":"","format":"standard","meta":{"_monsterinsights_skip_tracking":false,"_monsterinsights_sitenote_active":false,"_monsterinsights_sitenote_note":"","_monsterinsights_sitenote_category":0,"footnotes":""},"categories":[1,6],"tags":[],"class_list":["post-32838","post","type-post","status-publish","format-standard","has-post-thumbnail","hentry","category-uncategorized","category-upcoming-projects"],"_links":{"self":[{"href":"https:\/\/www.tchh.org\/fr\/wp-json\/wp\/v2\/posts\/32838","targetHints":{"allow":["GET"]}}],"collection":[{"href":"https:\/\/www.tchh.org\/fr\/wp-json\/wp\/v2\/posts"}],"about":[{"href":"https:\/\/www.tchh.org\/fr\/wp-json\/wp\/v2\/types\/post"}],"author":[{"embeddable":true,"href":"https:\/\/www.tchh.org\/fr\/wp-json\/wp\/v2\/users\/5"}],"replies":[{"embeddable":true,"href":"https:\/\/www.tchh.org\/fr\/wp-json\/wp\/v2\/comments?post=32838"}],"version-history":[{"count":1,"href":"https:\/\/www.tchh.org\/fr\/wp-json\/wp\/v2\/posts\/32838\/revisions"}],"predecessor-version":[{"id":32843,"href":"https:\/\/www.tchh.org\/fr\/wp-json\/wp\/v2\/posts\/32838\/revisions\/32843"}],"wp:featuredmedia":[{"embeddable":true,"href":"https:\/\/www.tchh.org\/fr\/wp-json\/wp\/v2\/media\/32841"}],"wp:attachment":[{"href":"https:\/\/www.tchh.org\/fr\/wp-json\/wp\/v2\/media?parent=32838"}],"wp:term":[{"taxonomy":"category","embeddable":true,"href":"https:\/\/www.tchh.org\/fr\/wp-json\/wp\/v2\/categories?post=32838"},{"taxonomy":"post_tag","embeddable":true,"href":"https:\/\/www.tchh.org\/fr\/wp-json\/wp\/v2\/tags?post=32838"}],"curies":[{"name":"wp","href":"https:\/\/api.w.org\/{rel}","templated":true}]}}